{"id":9442,"date":"2024-05-21T20:55:10","date_gmt":"2024-05-21T20:55:10","guid":{"rendered":"https:\/\/www.choretime.com\/myslinski-nombrado-director-regional-de-ventas-de-chore-time-europe\/"},"modified":"2024-11-15T16:55:45","modified_gmt":"2024-11-15T16:55:45","slug":"myslinski-nombrado-director-regional-de-ventas-de-chore-time-europe","status":"publish","type":"post","link":"https:\/\/www.choretime.com\/es\/myslinski-nombrado-director-regional-de-ventas-de-chore-time-europe\/","title":{"rendered":"My\u015bli\u0144ski nombrado Director Regional de Ventas de Chore-Time Europe"},"content":{"rendered":"<div class=\"wp-block-image\">\n<figure class=\"alignleft size-full is-resized\"><img loading=\"lazy\" decoding=\"async\" width=\"300\" height=\"385\" src=\"https:\/\/www.choretime.com\/wp-content\/uploads\/2024\/05\/image-1.png\" alt=\"\" class=\"wp-image-6569\" style=\"width:359px;height:auto\" srcset=\"https:\/\/www.choretime.com\/wp-content\/uploads\/2024\/05\/image-1.png 300w, https:\/\/www.choretime.com\/wp-content\/uploads\/2024\/05\/image-1-234x300.png 234w\" sizes=\"auto, (max-width: 300px) 100vw, 300px\" \/><figcaption class=\"wp-element-caption\">Zbigniew My\u015bli\u0144ski <br\/>Director Regional de Ventas para Europa Oriental<\/figcaption><\/figure>\n<\/div>\n<p class=\"has-small-font-size\">21 de mayo de 2024<\/p>\n\n<p>PANNINGEN, Pa\u00edses Bajos, Europa. &#8211; Zbigniew My\u015bli\u0144ski ha sido nombrado Director Regional de Ventas de Chore-Time Europa, seg\u00fan Paul Janssen, Director de Ventas de la sede europea de la unidad de negocio CTB, Inc. En su nuevo puesto, garantizar\u00e1 el desarrollo y el posicionamiento de Chore-Time en los mercados de Europa central y oriental, as\u00ed como la maximizaci\u00f3n de las ventas de los productos Chore-Time.  <\/p>\n\n<p>Antes de incorporarse a CTB, My\u015bli\u0144ski adquiri\u00f3 12 a\u00f1os de experiencia en la industria av\u00edcola, trabajando en los sectores de ventas y servicios de equipos de producci\u00f3n av\u00edcola. My\u015bli\u0144ski es licenciado por la Universidad de Pozna\u0144, en Pozna\u0144 (Polonia), donde obtuvo un m\u00e1ster en Administraci\u00f3n de Empresas con especializaci\u00f3n en Pol\u00edtica Econ\u00f3mica y Estrategia Empresarial. <\/p>\n\n<p>My\u015bli\u0144ski reside actualmente en Mi\u0142om\u0142yn, Polonia. Su lengua materna es el polaco, y tambi\u00e9n habla con fluidez ingl\u00e9s y ruso. <\/p>\n\n<p><strong>Acerca de Chore-Time<\/strong><br\/>Chore-Time (www.choretime.com) contin\u00faa su tradici\u00f3n establecida en 1952 de liderazgo en el dise\u00f1o, fabricaci\u00f3n y comercializaci\u00f3n de equipos para la producci\u00f3n de aves de corral y huevos. Con sistemas completos de principio a fin para alimentaci\u00f3n, manipulaci\u00f3n de piensos, bebederos, manipulaci\u00f3n de huevos, control clim\u00e1tico y gesti\u00f3n de naves, Chore-Time es un l\u00edder del mercado conocido por el rendimiento de sus productos, soluciones a medida y una red de distribuci\u00f3n independiente de eficacia probada. Parte de la familia de empresas CTB, Inc., Chore-Time opera globalmente desde instalaciones en Indiana, Alabama, Pa\u00edses Bajos y Polonia.  <\/p>\n","protected":false},"excerpt":{"rendered":"<p>Zbigniew My\u015bli\u0144ski ha sido nombrado Director Regional de Ventas de Chore-Time Europa, seg\u00fan Paul Janssen, Director de Ventas de la sede europea de la unidad de negocio CTB, Inc.<\/p>\n","protected":false},"author":4,"featured_media":9331,"comment_status":"closed","ping_status":"open","sticky":false,"template":"","format":"standard","meta":{"_acf_changed":false,"_monsterinsights_skip_tracking":false,"_monsterinsights_sitenote_active":false,"_monsterinsights_sitenote_note":"","_monsterinsights_sitenote_category":0,"footnotes":""},"categories":[428],"tags":[],"class_list":["post-9442","post","type-post","status-publish","format-standard","has-post-thumbnail","hentry","category-personal"],"acf":[],"yoast_head":"<!-- This site is optimized with the Yoast SEO Premium plugin v27.3 (Yoast SEO v27.3) - https:\/\/yoast.com\/product\/yoast-seo-premium-wordpress\/ -->\n<title>My\u015bli\u0144ski nombrado Director Regional de Ventas de Chore-Time Europe - Chore-Time<\/title>\n<meta name=\"description\" content=\"PANNINGEN, Pa\u00edses Bajos, Europa. \u2014 Zbigniew My\u015bli\u0144ski ha sido nombrado director regional de ventas de Chore-Time Europe, seg\u00fan Paul Janssen, director de ventas de la unidad de negocios europea de CTB, Inc.\" \/>\n<meta name=\"robots\" content=\"index, follow, max-snippet:-1, max-image-preview:large, max-video-preview:-1\" \/>\n<link rel=\"canonical\" href=\"https:\/\/www.choretime.com\/es\/myslinski-nombrado-director-regional-de-ventas-de-chore-time-europe\/\" \/>\n<meta property=\"og:locale\" content=\"es_ES\" \/>\n<meta property=\"og:type\" content=\"article\" \/>\n<meta property=\"og:title\" content=\"My\u015bli\u0144ski nombrado Director Regional de Ventas de Chore-Time Europe\" \/>\n<meta property=\"og:description\" content=\"PANNINGEN, Pa\u00edses Bajos, Europa. \u2014 Zbigniew My\u015bli\u0144ski ha sido nombrado director regional de ventas de Chore-Time Europe, seg\u00fan Paul Janssen, director de ventas de la unidad de negocios europea de CTB, Inc.\" \/>\n<meta property=\"og:url\" content=\"https:\/\/www.choretime.com\/es\/myslinski-nombrado-director-regional-de-ventas-de-chore-time-europe\/\" \/>\n<meta property=\"og:site_name\" content=\"Chore-Time\" \/>\n<meta property=\"article:publisher\" content=\"https:\/\/www.facebook.com\/choretime1952\" \/>\n<meta property=\"article:published_time\" content=\"2024-05-21T20:55:10+00:00\" \/>\n<meta property=\"article:modified_time\" content=\"2024-11-15T16:55:45+00:00\" \/>\n<meta property=\"og:image\" content=\"https:\/\/www.choretime.com\/wp-content\/uploads\/2024\/05\/image-1.png\" \/>\n\t<meta property=\"og:image:width\" content=\"300\" \/>\n\t<meta property=\"og:image:height\" content=\"385\" \/>\n\t<meta property=\"og:image:type\" content=\"image\/png\" \/>\n<meta name=\"author\" content=\"Ben Brouillard\" \/>\n<meta name=\"twitter:card\" content=\"summary_large_image\" \/>\n<meta name=\"twitter:creator\" content=\"@choretime\" \/>\n<meta name=\"twitter:site\" content=\"@choretime\" \/>\n<meta name=\"twitter:label1\" content=\"Escrito por\" \/>\n\t<meta name=\"twitter:data1\" content=\"Ben Brouillard\" \/>\n\t<meta name=\"twitter:label2\" content=\"Tiempo de lectura\" \/>\n\t<meta name=\"twitter:data2\" content=\"1 minuto\" \/>\n<script type=\"application\/ld+json\" class=\"yoast-schema-graph\">{\"@context\":\"https:\\\/\\\/schema.org\",\"@graph\":[{\"@type\":\"Article\",\"@id\":\"https:\\\/\\\/www.choretime.com\\\/es\\\/myslinski-nombrado-director-regional-de-ventas-de-chore-time-europe\\\/#article\",\"isPartOf\":{\"@id\":\"https:\\\/\\\/www.choretime.com\\\/es\\\/myslinski-nombrado-director-regional-de-ventas-de-chore-time-europe\\\/\"},\"author\":{\"name\":\"Ben Brouillard\",\"@id\":\"https:\\\/\\\/www.choretime.com\\\/es\\\/#\\\/schema\\\/person\\\/e78d3cceda6fe2506a6609dfd4e4f92c\"},\"headline\":\"My\u015bli\u0144ski nombrado Director Regional de Ventas de Chore-Time Europe\",\"datePublished\":\"2024-05-21T20:55:10+00:00\",\"dateModified\":\"2024-11-15T16:55:45+00:00\",\"mainEntityOfPage\":{\"@id\":\"https:\\\/\\\/www.choretime.com\\\/es\\\/myslinski-nombrado-director-regional-de-ventas-de-chore-time-europe\\\/\"},\"wordCount\":300,\"publisher\":{\"@id\":\"https:\\\/\\\/www.choretime.com\\\/es\\\/#organization\"},\"image\":{\"@id\":\"https:\\\/\\\/www.choretime.com\\\/es\\\/myslinski-nombrado-director-regional-de-ventas-de-chore-time-europe\\\/#primaryimage\"},\"thumbnailUrl\":\"https:\\\/\\\/www.choretime.com\\\/wp-content\\\/uploads\\\/2024\\\/05\\\/image-1.png\",\"articleSection\":[\"Personal\"],\"inLanguage\":\"es\"},{\"@type\":\"WebPage\",\"@id\":\"https:\\\/\\\/www.choretime.com\\\/es\\\/myslinski-nombrado-director-regional-de-ventas-de-chore-time-europe\\\/\",\"url\":\"https:\\\/\\\/www.choretime.com\\\/es\\\/myslinski-nombrado-director-regional-de-ventas-de-chore-time-europe\\\/\",\"name\":\"My\u015bli\u0144ski nombrado Director Regional de Ventas de Chore-Time Europe - Chore-Time\",\"isPartOf\":{\"@id\":\"https:\\\/\\\/www.choretime.com\\\/es\\\/#website\"},\"primaryImageOfPage\":{\"@id\":\"https:\\\/\\\/www.choretime.com\\\/es\\\/myslinski-nombrado-director-regional-de-ventas-de-chore-time-europe\\\/#primaryimage\"},\"image\":{\"@id\":\"https:\\\/\\\/www.choretime.com\\\/es\\\/myslinski-nombrado-director-regional-de-ventas-de-chore-time-europe\\\/#primaryimage\"},\"thumbnailUrl\":\"https:\\\/\\\/www.choretime.com\\\/wp-content\\\/uploads\\\/2024\\\/05\\\/image-1.png\",\"datePublished\":\"2024-05-21T20:55:10+00:00\",\"dateModified\":\"2024-11-15T16:55:45+00:00\",\"description\":\"PANNINGEN, Pa\u00edses Bajos, Europa. \u2014 Zbigniew My\u015bli\u0144ski ha sido nombrado director regional de ventas de Chore-Time Europe, seg\u00fan Paul Janssen, director de ventas de la unidad de negocios europea de CTB, Inc.\",\"breadcrumb\":{\"@id\":\"https:\\\/\\\/www.choretime.com\\\/es\\\/myslinski-nombrado-director-regional-de-ventas-de-chore-time-europe\\\/#breadcrumb\"},\"inLanguage\":\"es\",\"potentialAction\":[{\"@type\":\"ReadAction\",\"target\":[\"https:\\\/\\\/www.choretime.com\\\/es\\\/myslinski-nombrado-director-regional-de-ventas-de-chore-time-europe\\\/\"]}]},{\"@type\":\"ImageObject\",\"inLanguage\":\"es\",\"@id\":\"https:\\\/\\\/www.choretime.com\\\/es\\\/myslinski-nombrado-director-regional-de-ventas-de-chore-time-europe\\\/#primaryimage\",\"url\":\"https:\\\/\\\/www.choretime.com\\\/wp-content\\\/uploads\\\/2024\\\/05\\\/image-1.png\",\"contentUrl\":\"https:\\\/\\\/www.choretime.com\\\/wp-content\\\/uploads\\\/2024\\\/05\\\/image-1.png\",\"width\":300,\"height\":385},{\"@type\":\"BreadcrumbList\",\"@id\":\"https:\\\/\\\/www.choretime.com\\\/es\\\/myslinski-nombrado-director-regional-de-ventas-de-chore-time-europe\\\/#breadcrumb\",\"itemListElement\":[{\"@type\":\"ListItem\",\"position\":1,\"name\":\"Inicio\",\"item\":\"https:\\\/\\\/www.choretime.com\\\/es\\\/\"},{\"@type\":\"ListItem\",\"position\":2,\"name\":\"My\u015bli\u0144ski nombrado Director Regional de Ventas de Chore-Time Europe\"}]},{\"@type\":\"WebSite\",\"@id\":\"https:\\\/\\\/www.choretime.com\\\/es\\\/#website\",\"url\":\"https:\\\/\\\/www.choretime.com\\\/es\\\/\",\"name\":\"Chore-Time\",\"description\":\"Every. Day. PERFORMANCE.\u2122\",\"publisher\":{\"@id\":\"https:\\\/\\\/www.choretime.com\\\/es\\\/#organization\"},\"potentialAction\":[{\"@type\":\"SearchAction\",\"target\":{\"@type\":\"EntryPoint\",\"urlTemplate\":\"https:\\\/\\\/www.choretime.com\\\/es\\\/?s={search_term_string}\"},\"query-input\":{\"@type\":\"PropertyValueSpecification\",\"valueRequired\":true,\"valueName\":\"search_term_string\"}}],\"inLanguage\":\"es\"},{\"@type\":\"Organization\",\"@id\":\"https:\\\/\\\/www.choretime.com\\\/es\\\/#organization\",\"name\":\"Chore-Time\",\"url\":\"https:\\\/\\\/www.choretime.com\\\/es\\\/\",\"logo\":{\"@type\":\"ImageObject\",\"inLanguage\":\"es\",\"@id\":\"https:\\\/\\\/www.choretime.com\\\/es\\\/#\\\/schema\\\/logo\\\/image\\\/\",\"url\":\"https:\\\/\\\/www.choretime.com\\\/wp-content\\\/uploads\\\/2023\\\/02\\\/Chore-TimeCMYKoutline.png\",\"contentUrl\":\"https:\\\/\\\/www.choretime.com\\\/wp-content\\\/uploads\\\/2023\\\/02\\\/Chore-TimeCMYKoutline.png\",\"width\":1860,\"height\":703,\"caption\":\"Chore-Time\"},\"image\":{\"@id\":\"https:\\\/\\\/www.choretime.com\\\/es\\\/#\\\/schema\\\/logo\\\/image\\\/\"},\"sameAs\":[\"https:\\\/\\\/www.facebook.com\\\/choretime1952\",\"https:\\\/\\\/x.com\\\/choretime\",\"https:\\\/\\\/www.youtube.com\\\/choretime\",\"https:\\\/\\\/www.instagram.com\\\/choretime1952\\\/\",\"https:\\\/\\\/www.linkedin.com\\\/company\\\/choretime\\\/\"]},{\"@type\":\"Person\",\"@id\":\"https:\\\/\\\/www.choretime.com\\\/es\\\/#\\\/schema\\\/person\\\/e78d3cceda6fe2506a6609dfd4e4f92c\",\"name\":\"Ben Brouillard\",\"image\":{\"@type\":\"ImageObject\",\"inLanguage\":\"es\",\"@id\":\"https:\\\/\\\/secure.gravatar.com\\\/avatar\\\/e8f3dde56c6d98e8ead50dc09e4e8cda7535460c1e8ac1e94658f58a11dd4851?s=96&d=mm&r=g\",\"url\":\"https:\\\/\\\/secure.gravatar.com\\\/avatar\\\/e8f3dde56c6d98e8ead50dc09e4e8cda7535460c1e8ac1e94658f58a11dd4851?s=96&d=mm&r=g\",\"contentUrl\":\"https:\\\/\\\/secure.gravatar.com\\\/avatar\\\/e8f3dde56c6d98e8ead50dc09e4e8cda7535460c1e8ac1e94658f58a11dd4851?s=96&d=mm&r=g\",\"caption\":\"Ben Brouillard\"}}]}<\/script>\n<!-- \/ Yoast SEO Premium plugin. -->","yoast_head_json":{"title":"My\u015bli\u0144ski nombrado Director Regional de Ventas de Chore-Time Europe - Chore-Time","description":"PANNINGEN, Pa\u00edses Bajos, Europa. \u2014 Zbigniew My\u015bli\u0144ski ha sido nombrado director regional de ventas de Chore-Time Europe, seg\u00fan Paul Janssen, director de ventas de la unidad de negocios europea de CTB, Inc.","robots":{"index":"index","follow":"follow","max-snippet":"max-snippet:-1","max-image-preview":"max-image-preview:large","max-video-preview":"max-video-preview:-1"},"canonical":"https:\/\/www.choretime.com\/es\/myslinski-nombrado-director-regional-de-ventas-de-chore-time-europe\/","og_locale":"es_ES","og_type":"article","og_title":"My\u015bli\u0144ski nombrado Director Regional de Ventas de Chore-Time Europe","og_description":"PANNINGEN, Pa\u00edses Bajos, Europa. \u2014 Zbigniew My\u015bli\u0144ski ha sido nombrado director regional de ventas de Chore-Time Europe, seg\u00fan Paul Janssen, director de ventas de la unidad de negocios europea de CTB, Inc.","og_url":"https:\/\/www.choretime.com\/es\/myslinski-nombrado-director-regional-de-ventas-de-chore-time-europe\/","og_site_name":"Chore-Time","article_publisher":"https:\/\/www.facebook.com\/choretime1952","article_published_time":"2024-05-21T20:55:10+00:00","article_modified_time":"2024-11-15T16:55:45+00:00","og_image":[{"width":300,"height":385,"url":"https:\/\/www.choretime.com\/wp-content\/uploads\/2024\/05\/image-1.png","type":"image\/png"}],"author":"Ben Brouillard","twitter_card":"summary_large_image","twitter_creator":"@choretime","twitter_site":"@choretime","twitter_misc":{"Escrito por":"Ben Brouillard","Tiempo de lectura":"1 minuto"},"schema":{"@context":"https:\/\/schema.org","@graph":[{"@type":"Article","@id":"https:\/\/www.choretime.com\/es\/myslinski-nombrado-director-regional-de-ventas-de-chore-time-europe\/#article","isPartOf":{"@id":"https:\/\/www.choretime.com\/es\/myslinski-nombrado-director-regional-de-ventas-de-chore-time-europe\/"},"author":{"name":"Ben Brouillard","@id":"https:\/\/www.choretime.com\/es\/#\/schema\/person\/e78d3cceda6fe2506a6609dfd4e4f92c"},"headline":"My\u015bli\u0144ski nombrado Director Regional de Ventas de Chore-Time Europe","datePublished":"2024-05-21T20:55:10+00:00","dateModified":"2024-11-15T16:55:45+00:00","mainEntityOfPage":{"@id":"https:\/\/www.choretime.com\/es\/myslinski-nombrado-director-regional-de-ventas-de-chore-time-europe\/"},"wordCount":300,"publisher":{"@id":"https:\/\/www.choretime.com\/es\/#organization"},"image":{"@id":"https:\/\/www.choretime.com\/es\/myslinski-nombrado-director-regional-de-ventas-de-chore-time-europe\/#primaryimage"},"thumbnailUrl":"https:\/\/www.choretime.com\/wp-content\/uploads\/2024\/05\/image-1.png","articleSection":["Personal"],"inLanguage":"es"},{"@type":"WebPage","@id":"https:\/\/www.choretime.com\/es\/myslinski-nombrado-director-regional-de-ventas-de-chore-time-europe\/","url":"https:\/\/www.choretime.com\/es\/myslinski-nombrado-director-regional-de-ventas-de-chore-time-europe\/","name":"My\u015bli\u0144ski nombrado Director Regional de Ventas de Chore-Time Europe - Chore-Time","isPartOf":{"@id":"https:\/\/www.choretime.com\/es\/#website"},"primaryImageOfPage":{"@id":"https:\/\/www.choretime.com\/es\/myslinski-nombrado-director-regional-de-ventas-de-chore-time-europe\/#primaryimage"},"image":{"@id":"https:\/\/www.choretime.com\/es\/myslinski-nombrado-director-regional-de-ventas-de-chore-time-europe\/#primaryimage"},"thumbnailUrl":"https:\/\/www.choretime.com\/wp-content\/uploads\/2024\/05\/image-1.png","datePublished":"2024-05-21T20:55:10+00:00","dateModified":"2024-11-15T16:55:45+00:00","description":"PANNINGEN, Pa\u00edses Bajos, Europa. \u2014 Zbigniew My\u015bli\u0144ski ha sido nombrado director regional de ventas de Chore-Time Europe, seg\u00fan Paul Janssen, director de ventas de la unidad de negocios europea de CTB, Inc.","breadcrumb":{"@id":"https:\/\/www.choretime.com\/es\/myslinski-nombrado-director-regional-de-ventas-de-chore-time-europe\/#breadcrumb"},"inLanguage":"es","potentialAction":[{"@type":"ReadAction","target":["https:\/\/www.choretime.com\/es\/myslinski-nombrado-director-regional-de-ventas-de-chore-time-europe\/"]}]},{"@type":"ImageObject","inLanguage":"es","@id":"https:\/\/www.choretime.com\/es\/myslinski-nombrado-director-regional-de-ventas-de-chore-time-europe\/#primaryimage","url":"https:\/\/www.choretime.com\/wp-content\/uploads\/2024\/05\/image-1.png","contentUrl":"https:\/\/www.choretime.com\/wp-content\/uploads\/2024\/05\/image-1.png","width":300,"height":385},{"@type":"BreadcrumbList","@id":"https:\/\/www.choretime.com\/es\/myslinski-nombrado-director-regional-de-ventas-de-chore-time-europe\/#breadcrumb","itemListElement":[{"@type":"ListItem","position":1,"name":"Inicio","item":"https:\/\/www.choretime.com\/es\/"},{"@type":"ListItem","position":2,"name":"My\u015bli\u0144ski nombrado Director Regional de Ventas de Chore-Time Europe"}]},{"@type":"WebSite","@id":"https:\/\/www.choretime.com\/es\/#website","url":"https:\/\/www.choretime.com\/es\/","name":"Chore-Time","description":"Every. Day. PERFORMANCE.\u2122","publisher":{"@id":"https:\/\/www.choretime.com\/es\/#organization"},"potentialAction":[{"@type":"SearchAction","target":{"@type":"EntryPoint","urlTemplate":"https:\/\/www.choretime.com\/es\/?s={search_term_string}"},"query-input":{"@type":"PropertyValueSpecification","valueRequired":true,"valueName":"search_term_string"}}],"inLanguage":"es"},{"@type":"Organization","@id":"https:\/\/www.choretime.com\/es\/#organization","name":"Chore-Time","url":"https:\/\/www.choretime.com\/es\/","logo":{"@type":"ImageObject","inLanguage":"es","@id":"https:\/\/www.choretime.com\/es\/#\/schema\/logo\/image\/","url":"https:\/\/www.choretime.com\/wp-content\/uploads\/2023\/02\/Chore-TimeCMYKoutline.png","contentUrl":"https:\/\/www.choretime.com\/wp-content\/uploads\/2023\/02\/Chore-TimeCMYKoutline.png","width":1860,"height":703,"caption":"Chore-Time"},"image":{"@id":"https:\/\/www.choretime.com\/es\/#\/schema\/logo\/image\/"},"sameAs":["https:\/\/www.facebook.com\/choretime1952","https:\/\/x.com\/choretime","https:\/\/www.youtube.com\/choretime","https:\/\/www.instagram.com\/choretime1952\/","https:\/\/www.linkedin.com\/company\/choretime\/"]},{"@type":"Person","@id":"https:\/\/www.choretime.com\/es\/#\/schema\/person\/e78d3cceda6fe2506a6609dfd4e4f92c","name":"Ben Brouillard","image":{"@type":"ImageObject","inLanguage":"es","@id":"https:\/\/secure.gravatar.com\/avatar\/e8f3dde56c6d98e8ead50dc09e4e8cda7535460c1e8ac1e94658f58a11dd4851?s=96&d=mm&r=g","url":"https:\/\/secure.gravatar.com\/avatar\/e8f3dde56c6d98e8ead50dc09e4e8cda7535460c1e8ac1e94658f58a11dd4851?s=96&d=mm&r=g","contentUrl":"https:\/\/secure.gravatar.com\/avatar\/e8f3dde56c6d98e8ead50dc09e4e8cda7535460c1e8ac1e94658f58a11dd4851?s=96&d=mm&r=g","caption":"Ben Brouillard"}}]}},"_links":{"self":[{"href":"https:\/\/www.choretime.com\/es\/wp-json\/wp\/v2\/posts\/9442","targetHints":{"allow":["GET"]}}],"collection":[{"href":"https:\/\/www.choretime.com\/es\/wp-json\/wp\/v2\/posts"}],"about":[{"href":"https:\/\/www.choretime.com\/es\/wp-json\/wp\/v2\/types\/post"}],"author":[{"embeddable":true,"href":"https:\/\/www.choretime.com\/es\/wp-json\/wp\/v2\/users\/4"}],"replies":[{"embeddable":true,"href":"https:\/\/www.choretime.com\/es\/wp-json\/wp\/v2\/comments?post=9442"}],"version-history":[{"count":1,"href":"https:\/\/www.choretime.com\/es\/wp-json\/wp\/v2\/posts\/9442\/revisions"}],"predecessor-version":[{"id":9444,"href":"https:\/\/www.choretime.com\/es\/wp-json\/wp\/v2\/posts\/9442\/revisions\/9444"}],"wp:featuredmedia":[{"embeddable":true,"href":"https:\/\/www.choretime.com\/es\/wp-json\/wp\/v2\/media\/9331"}],"wp:attachment":[{"href":"https:\/\/www.choretime.com\/es\/wp-json\/wp\/v2\/media?parent=9442"}],"wp:term":[{"taxonomy":"category","embeddable":true,"href":"https:\/\/www.choretime.com\/es\/wp-json\/wp\/v2\/categories?post=9442"},{"taxonomy":"post_tag","embeddable":true,"href":"https:\/\/www.choretime.com\/es\/wp-json\/wp\/v2\/tags?post=9442"}],"curies":[{"name":"wp","href":"https:\/\/api.w.org\/{rel}","templated":true}]}}